[{"@context":"https:\/\/schema.org\/","@type":"Article","@id":"https:\/\/www.vkolonce.cz\/pronajmete-si-virtualni-kancelare-v-praze\/#Article","mainEntityOfPage":"https:\/\/www.vkolonce.cz\/pronajmete-si-virtualni-kancelare-v-praze\/","headline":"Pronajm\u011bte si virtu\u00e1ln\u00ed kancel\u00e1\u0159e v Praze","name":"Pronajm\u011bte si virtu\u00e1ln\u00ed kancel\u00e1\u0159e v Praze","description":"Pot\u0159ebujete virtu\u00e1ln\u00ed s\u00eddlo nebo virtu\u00e1ln\u00ed kancel\u00e1\u0159e pro svou firmu? Ano, i to je mo\u017en\u00e9! T\u00e9to mo\u017enosti se vyu\u017e\u00edv\u00e1 zejm\u00e9na, pokud firma nepot\u0159ebuje nutn\u011b m\u00edt prostory fyzick\u00fdch kancel\u00e1\u0159i, kde by prod\u00e1vali sv\u00e9 v\u00fdrobky, prob\u00edhala v\u00fdroba nebo zam\u011bstnanci pracovali. V\u0161ichni zam\u011bstnanci mohou m\u00edt t\u0159eba home office, nebo se jedn\u00e1 o pobo\u010dku firmy,","datePublished":"2025-01-19","dateModified":"2025-01-19","author":{"@type":"Person","@id":"https:\/\/www.vkolonce.cz\/author\/#Person","name":"","url":"https:\/\/www.vkolonce.cz\/author\/","identifier":1,"image":{"@type":"ImageObject","@id":"https:\/\/secure.gravatar.com\/avatar\/01173f1da90dde8adb887d6793fa4e42c4004e53f8d645d9b1cb57c2dee8e188?s=96&d=mm&r=g","url":"https:\/\/secure.gravatar.com\/avatar\/01173f1da90dde8adb887d6793fa4e42c4004e53f8d645d9b1cb57c2dee8e188?s=96&d=mm&r=g","height":96,"width":96}},"publisher":{"@type":"Organization","name":"vkolonce.cz","logo":{"@type":"ImageObject","@id":"\/logo.png","url":"\/logo.png","width":600,"height":60}},"image":{"@type":"ImageObject","@id":"https:\/\/www.vkolonce.cz\/wp-content\/uploads\/christopher-gower-vjMgqUkS8q8-unsplash.jpg","url":"https:\/\/www.vkolonce.cz\/wp-content\/uploads\/christopher-gower-vjMgqUkS8q8-unsplash.jpg","height":0,"width":0},"url":"https:\/\/www.vkolonce.cz\/pronajmete-si-virtualni-kancelare-v-praze\/","about":["Spole\u010dnosti"],"wordCount":411,"articleBody":"       Pot\u0159ebujete virtu\u00e1ln\u00ed s\u00eddlo nebo virtu\u00e1ln\u00ed kancel\u00e1\u0159e pro svou firmu? Ano, i to je mo\u017en\u00e9! T\u00e9to mo\u017enosti se vyu\u017e\u00edv\u00e1 zejm\u00e9na, pokud firma nepot\u0159ebuje nutn\u011b m\u00edt prostory fyzick\u00fdch kancel\u00e1\u0159i, kde by prod\u00e1vali sv\u00e9 v\u00fdrobky, prob\u00edhala v\u00fdroba nebo zam\u011bstnanci pracovali. V\u0161ichni zam\u011bstnanci mohou m\u00edt t\u0159eba home office, nebo se jedn\u00e1 o pobo\u010dku firmy, kter\u00e1 \u017e\u00e1dn\u00e9 zam\u011bstnance nem\u00e1 a m\u00e1 jenom majitele. A\u0165 u\u017e jsou va\u0161e d\u016fvody jak\u00e9koliv, v\u00fdhoda virtu\u00e1ln\u00edch kancel\u00e1\u0159\u00ed je nesporn\u00e1. A to zejm\u00e9na v \u00faspo\u0159e pen\u011bz, kterou pak m\u016f\u017eete investovat do n\u011b\u010deho jin\u00e9ho. Jen si vezm\u011bte, \u017ee pron\u00e1jem kancel\u00e1\u0159sk\u00fdch prostor\u016f v Praze je nesm\u00edrn\u011b drah\u00fd. Zvl\u00e1\u0161t\u011b, pokud chcete m\u00edt kancel\u00e1\u0159e na dobr\u00e9m m\u00edst\u011b, na n\u011bjak\u00e9 presti\u017en\u00ed adrese. Um\u00edst\u011bn\u00ed va\u0161\u00ed firmy na presti\u017en\u00ed m\u00edsta p\u016fsob\u00ed dob\u0159e na z\u00e1kazn\u00edky i obchodn\u00ed partnery. Ur\u010dit\u011b byste nem\u011bli umis\u0165ovat svou firmu na n\u011bjak\u00e9 zapadl\u00e9 m\u00edsto, o kter\u00e9m se \u0159\u00edk\u00e1, \u017ee je nebezpe\u010dn\u00e9. Sice tam bude levn\u011bj\u0161\u00ed pron\u00e1jem, ale nep\u016fsob\u00ed to dob\u0159e. N\u00e1jem presti\u017en\u00edch kancel\u00e1\u0159\u00ed v centru Prahy m\u016f\u017ee st\u00e1t i n\u011bkolik des\u00edtek tis\u00edc m\u011bs\u00ed\u010dn\u011b. Oproti tomu, pron\u00e1jem virtu\u00e1ln\u00edch kancel\u00e1\u0159\u00ed v Praze v\u00e1s vyjde pouze na n\u011bkolik stovek korun m\u011bs\u00ed\u010dn\u011b. No nen\u00ed to velk\u00fd rozd\u00edl? Pokud si kancel\u00e1\u0159e pronajmete, m\u016f\u017eete sm\u011ble adresu virtu\u00e1ln\u00edch kancel\u00e1\u0159\u00ed uv\u00e1d\u011bt jako sv\u00e9 s\u00eddlo, i kdy\u017e tam fyzicky nebudete s\u00eddlit. M\u016f\u017eete si na tuto adresu tak\u00e9 nech\u00e1vat pos\u00edlat ve\u0161kerou po\u0161tu. O p\u0159\u00edchoz\u00ed po\u0161t\u011b budete informov\u00e1ni emailem a m\u016f\u017eete dokonce vyu\u017e\u00edt slu\u017eeb, kdy v\u00e1m agentura, kter\u00e1 kancel\u00e1\u0159e pronaj\u00edm\u00e1, za\u0161le po\u0161tu na adresu, kterou si zvol\u00edte, nebo v\u00e1m doru\u010den\u00e9 dokumenty naskenuje a p\u0159epo\u0161le. Pokud takovou slu\u017ebu nebudete vy\u017eadovat, uschov\u00e1 v\u00e1m po\u0161tu a\u017e do t\u00e9 doby, ne\u017e si ji vyzvednete. Nev\u00e1hejte a pronajm\u011bte si sv\u00e9 virtu\u00e1ln\u00ed kancel\u00e1\u0159e na presti\u017en\u00ed adrese. Uvid\u00edte, \u017ee t\u00edm z\u00edsk\u00e1te pro va\u0161i firmu \u010di spole\u010dnost opravdu v\u00fdznamn\u00e9 v\u00fdhody.                                                                                                                                                                                                                                                                                                                                                                                          3.9\/5 - (8 votes)        "},{"@context":"https:\/\/schema.org\/","@type":"BreadcrumbList","itemListElement":[{"@type":"ListItem","position":1,"name":"Pronajm\u011bte si virtu\u00e1ln\u00ed kancel\u00e1\u0159e v Praze","item":"https:\/\/www.vkolonce.cz\/pronajmete-si-virtualni-kancelare-v-praze\/#breadcrumbitem"}]}]