[{"@context":"https:\/\/schema.org\/","@type":"Article","@id":"https:\/\/www.vkolonce.cz\/proc-byt-vegetarian-a-byt-vubec-vegetarian\/#Article","mainEntityOfPage":"https:\/\/www.vkolonce.cz\/proc-byt-vegetarian-a-byt-vubec-vegetarian\/","headline":"Pro\u010d b\u00fdt vegetari\u00e1n a b\u00fdt v\u016fbec vegetari\u00e1n?","name":"Pro\u010d b\u00fdt vegetari\u00e1n a b\u00fdt v\u016fbec vegetari\u00e1n?","description":"Bylo tomu tak 10 nebo 15 let zp\u00e1tky, kdy se v\u00a0\u010cesk\u00e9 republice velice roz\u0161\u00ed\u0159ila m\u00f3da, styl \u017eivota b\u00fdt vegetari\u00e1nem. Te\u010f se tento styl \u017eivota pomalu zase vrac\u00ed. Pro\u010d b\u00fdt vegetari\u00e1nem? \u00a0 \u00b7\u00a0\u00a0\u00a0\u00a0\u00a0\u00a0\u00a0\u00a0 m\u00f3da (chci b\u00fdt zaj\u00edmav\u00fd\/in) \u00b7\u00a0\u00a0\u00a0\u00a0\u00a0\u00a0\u00a0\u00a0 maso mi nechutn\u00e1 \u00b7\u00a0\u00a0\u00a0\u00a0\u00a0\u00a0\u00a0\u00a0 hum\u00e1nnost (nechci j\u00edst zv\u00ed\u0159ata) Toto jsou 3 nej\u010dast\u011bj\u0161\u00ed d\u016fvody,","datePublished":"2019-08-13","dateModified":"2023-05-03","author":{"@type":"Person","@id":"https:\/\/www.vkolonce.cz\/author\/#Person","name":"","url":"https:\/\/www.vkolonce.cz\/author\/","identifier":1,"image":{"@type":"ImageObject","@id":"https:\/\/secure.gravatar.com\/avatar\/01173f1da90dde8adb887d6793fa4e42c4004e53f8d645d9b1cb57c2dee8e188?s=96&d=mm&r=g","url":"https:\/\/secure.gravatar.com\/avatar\/01173f1da90dde8adb887d6793fa4e42c4004e53f8d645d9b1cb57c2dee8e188?s=96&d=mm&r=g","height":96,"width":96}},"publisher":{"@type":"Organization","name":"vkolonce.cz","logo":{"@type":"ImageObject","@id":"\/logo.png","url":"\/logo.png","width":600,"height":60}},"image":{"@type":"ImageObject","@id":"https:\/\/www.vkolonce.cz\/wp-content\/uploads\/img_a353879_w3799_t1568471122.jpg","url":"https:\/\/www.vkolonce.cz\/wp-content\/uploads\/img_a353879_w3799_t1568471122.jpg","height":0,"width":0},"url":"https:\/\/www.vkolonce.cz\/proc-byt-vegetarian-a-byt-vubec-vegetarian\/","about":["Lifestyle"],"wordCount":465,"articleBody":"\tBylo tomu tak 10 nebo 15 let zp\u00e1tky, kdy se v\u00a0\u010cesk\u00e9 republice velice roz\u0161\u00ed\u0159ila m\u00f3da, styl \u017eivota b\u00fdt vegetari\u00e1nem. Te\u010f se tento styl \u017eivota pomalu zase vrac\u00ed.\t\tPro\u010d b\u00fdt vegetari\u00e1nem?\t\u00a0\t\u00b7\u00a0\u00a0\u00a0\u00a0\u00a0\u00a0\u00a0\u00a0 m\u00f3da (chci b\u00fdt zaj\u00edmav\u00fd\/in)\t\u00b7\u00a0\u00a0\u00a0\u00a0\u00a0\u00a0\u00a0\u00a0 maso mi nechutn\u00e1\t\u00b7\u00a0\u00a0\u00a0\u00a0\u00a0\u00a0\u00a0\u00a0 hum\u00e1nnost (nechci j\u00edst zv\u00ed\u0159ata)\tToto jsou 3 nej\u010dast\u011bj\u0161\u00ed d\u016fvody, pro\u010d se st\u00e1v\u00e1me vegetari\u00e1ny.\tPrvn\u00ed z\u00a0nich doopravdy nedoporu\u010dujeme. Nej\u00edst maso je z\u00e1va\u017en\u00e9 rozhodnut\u00ed a rozhodn\u011b by ho nem\u011bla ovliv\u0148ovat m\u00f3da nebo touha po tom b\u00fdt zaj\u00edmav\u00fd. Toto je \u0161patn\u00fd d\u016fvod k\u00a0vegetari\u00e1nstv\u00ed.\tDal\u0161\u00edm d\u016fvodem, pro\u010d nej\u00edst maso, m\u016f\u017ee b\u00fdt nechutenstv\u00ed. Je to jednoduch\u00e9, maso V\u00e1m nechutn\u00e1 a Vy se nebudete p\u0159em\u00e1hat, abyste ho jedli. Rozum\u00edme. Dejte si ale nap\u0159\u00edklad pozor na nechutenstv\u00ed k\u00a0masu u mal\u00fdch d\u011bt\u00ed. Mal\u00e9 d\u011bti maj\u00ed v\u00a0ur\u010dit\u00e9 v\u00fdvojov\u00e9 f\u00e1zi touhu \u0159\u00edct V\u00e1m, \u017ee sn\u011bd\u00ed v\u0161echno, jen ne maso. D\u00edt\u011b by maso m\u011blo j\u00edst a a\u017e ve sv\u00e9 dosp\u011blosti se m\u016f\u017ee rozhodnout, zda bude nebo nebude j\u00edst maso. Rozhodn\u011b nedoporu\u010dujeme, abyste d\u011blali vegetari\u00e1ny ze sv\u00fdch d\u011bt\u00ed.\t\tPosledn\u00ed a asi i nejz\u00e1va\u017en\u011bj\u0161\u00ed a nejsmyslupln\u011bj\u0161\u00ed d\u016fvod je nej\u00edst maso, proto\u017ee n\u00e1m to nep\u0159ipad\u00e1 hum\u00e1nn\u00ed. Va\u0161e rozhodnut\u00ed pln\u011b respektujeme a nebudeme se V\u00e1s sna\u017eit p\u0159esv\u011bd\u010dit o opaku. \u017dijeme v\u00a0dob\u011b, kdy se ke zv\u00ed\u0159at\u016fm nechov\u00e1me dob\u0159e. Zv\u00ed\u0159ata ur\u010den\u00e1 ke konzumaci p\u0159ed smrt\u00ed trp\u00ed a situace se nad\u00e1le zhor\u0161uje. Nav\u00edc se n\u00e1m do prodejen dost\u00e1v\u00e1 nekvalitn\u00ed a \u010dasto i \u0161kodliv\u00e9 maso. Mysl\u00edme si, \u017ee toto v\u0161echno je hlavn\u00edm d\u016fvodem, pro\u010d se vlna vegetari\u00e1nstv\u00ed zase vrac\u00ed.\tD\u0159\u00edve jsme si zv\u00ed\u0159e sami chovali, krmili, sami si ho i zabili, pak upravili a sn\u011bdli. To byla doba, se kterou souhlas\u00edme. Jsme maso\u017eravci a maso bychom j\u00edst m\u011bli. Ale m\u011bli bychom ho j\u00edst za ka\u017edou cenu? Nemysl\u00edme si.\tPokud se pro vegetari\u00e1nstv\u00ed rozhodnete, myslete na to, \u017ee mus\u00edte b\u00edlkoviny a \u017eiviny doplnit jin\u00fdmi potravinami. Ano, mysl\u00edte na zv\u00ed\u0159ata, ale mus\u00edte myslet hlavn\u011b na sv\u00e9 zdrav\u00ed.\tMysl\u00edme si, \u017ee bychom se k\u00a0chovn\u00fdm zv\u00ed\u0159at\u016fm m\u011bli za\u010d\u00edt chovat jinak, l\u00e9pe. Maso by m\u011blo m\u00edt tak\u00e9 ur\u010ditou kvalitu, zv\u00ed\u0159ata ur\u010den\u00e1 na por\u00e1\u017eku by m\u011bla m\u00edt d\u016fstojn\u00fd \u017eivot a my bychom nem\u011bli myslet jen na kvantitu masa.\u00a0                                                                                                                                                                                                                                                                                                                                                                                        4.2\/5 - (9 votes)        "},{"@context":"https:\/\/schema.org\/","@type":"BreadcrumbList","itemListElement":[{"@type":"ListItem","position":1,"name":"Pro\u010d b\u00fdt vegetari\u00e1n a b\u00fdt v\u016fbec vegetari\u00e1n?","item":"https:\/\/www.vkolonce.cz\/proc-byt-vegetarian-a-byt-vubec-vegetarian\/#breadcrumbitem"}]}]