[{"@context":"https:\/\/schema.org\/","@type":"Blog","@id":"https:\/\/www.vkolonce.cz#Blog","headline":"V kolonce","description":"\nAby \u010dlov\u011bk v\u00a0dne\u0161n\u00ed dob\u011b nenalet\u011bl na fake news, mus\u00ed b\u00fdt dostate\u010dn\u011b v\u00a0obraze. Ti, kdo \u010dtou n\u00e1\u0161 web, maj\u00ed p\u0159ehled a jen tak n\u011bkomu nenalet\u00ed.","url":"https:\/\/www.vkolonce.cz","hasPart":[{"@type":"Article","@id":"https:\/\/www.vkolonce.cz\/co-musite-videt-v-parizi\/","headline":"Co mus\u00edte vid\u011bt v Pa\u0159\u00ed\u017ei?","url":"https:\/\/www.vkolonce.cz\/co-musite-videt-v-parizi\/","datePublished":"2024-08-26","dateModified":"2024-08-26","mainEntityOfPage":"https:\/\/www.vkolonce.cz\/co-musite-videt-v-parizi\/","author":{"@type":"Person","@id":"https:\/\/www.vkolonce.cz\/author\/#Person","name":"","url":"https:\/\/www.vkolonce.cz\/author\/","identifier":1,"image":{"@type":"ImageObject","@id":"https:\/\/secure.gravatar.com\/avatar\/01173f1da90dde8adb887d6793fa4e42c4004e53f8d645d9b1cb57c2dee8e188?s=96&d=mm&r=g","url":"https:\/\/secure.gravatar.com\/avatar\/01173f1da90dde8adb887d6793fa4e42c4004e53f8d645d9b1cb57c2dee8e188?s=96&d=mm&r=g","height":96,"width":96}},"publisher":{"@type":"Organization","name":"vkolonce.cz","logo":{"@type":"ImageObject","@id":"\/logo.png","url":"\/logo.png","width":600,"height":60}},"image":{"@type":"ImageObject","@id":"https:\/\/www.vkolonce.cz\/wp-content\/uploads\/masayoshi-yanase-aAuOIEjNnrk-unsplash.jpg","url":"https:\/\/www.vkolonce.cz\/wp-content\/uploads\/masayoshi-yanase-aAuOIEjNnrk-unsplash.jpg","height":0,"width":0},"wordCount":619,"keywords":null},{"@type":"Article","@id":"https:\/\/www.vkolonce.cz\/jak-vznikla-povera-ze-ockovani-zpusobuje-autismus\/","headline":"Jak vznikla pov\u011bra, \u017ee o\u010dkov\u00e1n\u00ed zp\u016fsobuje autismus","url":"https:\/\/www.vkolonce.cz\/jak-vznikla-povera-ze-ockovani-zpusobuje-autismus\/","datePublished":"2024-08-23","dateModified":"2024-08-23","mainEntityOfPage":"https:\/\/www.vkolonce.cz\/jak-vznikla-povera-ze-ockovani-zpusobuje-autismus\/","author":{"@type":"Person","@id":"https:\/\/www.vkolonce.cz\/author\/#Person","name":"","url":"https:\/\/www.vkolonce.cz\/author\/","identifier":1,"image":{"@type":"ImageObject","@id":"https:\/\/secure.gravatar.com\/avatar\/01173f1da90dde8adb887d6793fa4e42c4004e53f8d645d9b1cb57c2dee8e188?s=96&d=mm&r=g","url":"https:\/\/secure.gravatar.com\/avatar\/01173f1da90dde8adb887d6793fa4e42c4004e53f8d645d9b1cb57c2dee8e188?s=96&d=mm&r=g","height":96,"width":96}},"publisher":{"@type":"Organization","name":"vkolonce.cz","logo":{"@type":"ImageObject","@id":"\/logo.png","url":"\/logo.png","width":600,"height":60}},"image":{"@type":"ImageObject","@id":"https:\/\/www.vkolonce.cz\/wp-content\/uploads\/dite2_10_10_10_2.jpg","url":"https:\/\/www.vkolonce.cz\/wp-content\/uploads\/dite2_10_10_10_2.jpg","height":0,"width":0},"wordCount":518,"keywords":null},{"@type":"Article","@id":"https:\/\/www.vkolonce.cz\/kazdy-muze-mit-v-zivote-svuj-velky-cil\/","headline":"Ka\u017ed\u00fd m\u016f\u017ee m\u00edt v \u017eivot\u011b sv\u016fj velk\u00fd c\u00edl","url":"https:\/\/www.vkolonce.cz\/kazdy-muze-mit-v-zivote-svuj-velky-cil\/","datePublished":"2024-05-18","dateModified":"2024-05-18","mainEntityOfPage":"https:\/\/www.vkolonce.cz\/kazdy-muze-mit-v-zivote-svuj-velky-cil\/","author":{"@type":"Person","@id":"https:\/\/www.vkolonce.cz\/author\/#Person","name":"","url":"https:\/\/www.vkolonce.cz\/author\/","identifier":1,"image":{"@type":"ImageObject","@id":"https:\/\/secure.gravatar.com\/avatar\/01173f1da90dde8adb887d6793fa4e42c4004e53f8d645d9b1cb57c2dee8e188?s=96&d=mm&r=g","url":"https:\/\/secure.gravatar.com\/avatar\/01173f1da90dde8adb887d6793fa4e42c4004e53f8d645d9b1cb57c2dee8e188?s=96&d=mm&r=g","height":96,"width":96}},"publisher":{"@type":"Organization","name":"vkolonce.cz","logo":{"@type":"ImageObject","@id":"\/logo.png","url":"\/logo.png","width":600,"height":60}},"image":{"@type":"ImageObject","@id":"https:\/\/www.vkolonce.cz\/wp-content\/uploads\/audi-798530_640_6.jpg","url":"https:\/\/www.vkolonce.cz\/wp-content\/uploads\/audi-798530_640_6.jpg","height":0,"width":0},"wordCount":564,"keywords":null},{"@type":"Article","@id":"https:\/\/www.vkolonce.cz\/reebok-neni-jenom-znacka\/","headline":"Reebok nen\u00ed jenom zna\u010dka","url":"https:\/\/www.vkolonce.cz\/reebok-neni-jenom-znacka\/","datePublished":"2024-04-26","dateModified":"2024-04-26","mainEntityOfPage":"https:\/\/www.vkolonce.cz\/reebok-neni-jenom-znacka\/","author":{"@type":"Person","@id":"https:\/\/www.vkolonce.cz\/author\/#Person","name":"","url":"https:\/\/www.vkolonce.cz\/author\/","identifier":1,"image":{"@type":"ImageObject","@id":"https:\/\/secure.gravatar.com\/avatar\/01173f1da90dde8adb887d6793fa4e42c4004e53f8d645d9b1cb57c2dee8e188?s=96&d=mm&r=g","url":"https:\/\/secure.gravatar.com\/avatar\/01173f1da90dde8adb887d6793fa4e42c4004e53f8d645d9b1cb57c2dee8e188?s=96&d=mm&r=g","height":96,"width":96}},"publisher":{"@type":"Organization","name":"vkolonce.cz","logo":{"@type":"ImageObject","@id":"\/logo.png","url":"\/logo.png","width":600,"height":60}},"image":null,"wordCount":299,"keywords":null},{"@type":"Article","@id":"https:\/\/www.vkolonce.cz\/zazracna-bylinka\/","headline":"Z\u00e1zra\u010dn\u00e1 bylinka","url":"https:\/\/www.vkolonce.cz\/zazracna-bylinka\/","datePublished":"2024-04-21","dateModified":"2024-04-21","mainEntityOfPage":"https:\/\/www.vkolonce.cz\/zazracna-bylinka\/","author":{"@type":"Person","@id":"https:\/\/www.vkolonce.cz\/author\/#Person","name":"","url":"https:\/\/www.vkolonce.cz\/author\/","identifier":1,"image":{"@type":"ImageObject","@id":"https:\/\/secure.gravatar.com\/avatar\/01173f1da90dde8adb887d6793fa4e42c4004e53f8d645d9b1cb57c2dee8e188?s=96&d=mm&r=g","url":"https:\/\/secure.gravatar.com\/avatar\/01173f1da90dde8adb887d6793fa4e42c4004e53f8d645d9b1cb57c2dee8e188?s=96&d=mm&r=g","height":96,"width":96}},"publisher":{"@type":"Organization","name":"vkolonce.cz","logo":{"@type":"ImageObject","@id":"\/logo.png","url":"\/logo.png","width":600,"height":60}},"image":null,"wordCount":270,"keywords":null},{"@type":"Article","@id":"https:\/\/www.vkolonce.cz\/partnerem-pri-preprave-po-hlavnim-meste-jsme-my\/","headline":"Partnerem p\u0159i p\u0159eprav\u011b po hlavn\u00edm m\u011bst\u011b jsme my","url":"https:\/\/www.vkolonce.cz\/partnerem-pri-preprave-po-hlavnim-meste-jsme-my\/","datePublished":"2024-04-13","dateModified":"2024-04-13","mainEntityOfPage":"https:\/\/www.vkolonce.cz\/partnerem-pri-preprave-po-hlavnim-meste-jsme-my\/","author":{"@type":"Person","@id":"https:\/\/www.vkolonce.cz\/author\/#Person","name":"","url":"https:\/\/www.vkolonce.cz\/author\/","identifier":1,"image":{"@type":"ImageObject","@id":"https:\/\/secure.gravatar.com\/avatar\/01173f1da90dde8adb887d6793fa4e42c4004e53f8d645d9b1cb57c2dee8e188?s=96&d=mm&r=g","url":"https:\/\/secure.gravatar.com\/avatar\/01173f1da90dde8adb887d6793fa4e42c4004e53f8d645d9b1cb57c2dee8e188?s=96&d=mm&r=g","height":96,"width":96}},"publisher":{"@type":"Organization","name":"vkolonce.cz","logo":{"@type":"ImageObject","@id":"\/logo.png","url":"\/logo.png","width":600,"height":60}},"image":null,"wordCount":282,"keywords":null},{"@type":"Article","@id":"https:\/\/www.vkolonce.cz\/akne-bezesporu-nepripomina-ani-vzdalene-to-po-cem-touzite\/","headline":"Akn\u00e9 bezesporu nep\u0159ipom\u00edn\u00e1 ani vzd\u00e1len\u011b to, po \u010dem tou\u017e\u00edte\u2026","url":"https:\/\/www.vkolonce.cz\/akne-bezesporu-nepripomina-ani-vzdalene-to-po-cem-touzite\/","datePublished":"2024-04-04","dateModified":"2024-04-04","mainEntityOfPage":"https:\/\/www.vkolonce.cz\/akne-bezesporu-nepripomina-ani-vzdalene-to-po-cem-touzite\/","author":{"@type":"Person","@id":"https:\/\/www.vkolonce.cz\/author\/#Person","name":"","url":"https:\/\/www.vkolonce.cz\/author\/","identifier":1,"image":{"@type":"ImageObject","@id":"https:\/\/secure.gravatar.com\/avatar\/01173f1da90dde8adb887d6793fa4e42c4004e53f8d645d9b1cb57c2dee8e188?s=96&d=mm&r=g","url":"https:\/\/secure.gravatar.com\/avatar\/01173f1da90dde8adb887d6793fa4e42c4004e53f8d645d9b1cb57c2dee8e188?s=96&d=mm&r=g","height":96,"width":96}},"publisher":{"@type":"Organization","name":"vkolonce.cz","logo":{"@type":"ImageObject","@id":"\/logo.png","url":"\/logo.png","width":600,"height":60}},"image":null,"wordCount":274,"keywords":null},{"@type":"Article","@id":"https:\/\/www.vkolonce.cz\/u-nas-ziskate-mnohem-vic-nez-jen-nove-autosklo\/","headline":"U n\u00e1s z\u00edsk\u00e1te mnohem v\u00edc, ne\u017e jen nov\u00e9 autosklo","url":"https:\/\/www.vkolonce.cz\/u-nas-ziskate-mnohem-vic-nez-jen-nove-autosklo\/","datePublished":"2024-03-29","dateModified":"2024-03-29","mainEntityOfPage":"https:\/\/www.vkolonce.cz\/u-nas-ziskate-mnohem-vic-nez-jen-nove-autosklo\/","author":{"@type":"Person","@id":"https:\/\/www.vkolonce.cz\/author\/#Person","name":"","url":"https:\/\/www.vkolonce.cz\/author\/","identifier":1,"image":{"@type":"ImageObject","@id":"https:\/\/secure.gravatar.com\/avatar\/01173f1da90dde8adb887d6793fa4e42c4004e53f8d645d9b1cb57c2dee8e188?s=96&d=mm&r=g","url":"https:\/\/secure.gravatar.com\/avatar\/01173f1da90dde8adb887d6793fa4e42c4004e53f8d645d9b1cb57c2dee8e188?s=96&d=mm&r=g","height":96,"width":96}},"publisher":{"@type":"Organization","name":"vkolonce.cz","logo":{"@type":"ImageObject","@id":"\/logo.png","url":"\/logo.png","width":600,"height":60}},"image":null,"wordCount":269,"keywords":null},{"@type":"Article","@id":"https:\/\/www.vkolonce.cz\/zmena-k-lepsimu-diky-bazenu\/","headline":"Zm\u011bna k lep\u0161\u00edmu d\u00edky baz\u00e9nu","url":"https:\/\/www.vkolonce.cz\/zmena-k-lepsimu-diky-bazenu\/","datePublished":"2024-03-15","dateModified":"2024-05-20","mainEntityOfPage":"https:\/\/www.vkolonce.cz\/zmena-k-lepsimu-diky-bazenu\/","author":{"@type":"Person","@id":"https:\/\/www.vkolonce.cz\/author\/#Person","name":"","url":"https:\/\/www.vkolonce.cz\/author\/","identifier":1,"image":{"@type":"ImageObject","@id":"https:\/\/secure.gravatar.com\/avatar\/01173f1da90dde8adb887d6793fa4e42c4004e53f8d645d9b1cb57c2dee8e188?s=96&d=mm&r=g","url":"https:\/\/secure.gravatar.com\/avatar\/01173f1da90dde8adb887d6793fa4e42c4004e53f8d645d9b1cb57c2dee8e188?s=96&d=mm&r=g","height":96,"width":96}},"publisher":{"@type":"Organization","name":"vkolonce.cz","logo":{"@type":"ImageObject","@id":"\/logo.png","url":"\/logo.png","width":600,"height":60}},"image":{"@type":"ImageObject","@id":"https:\/\/www.vkolonce.cz\/wp-content\/uploads\/istockphoto-1555181780-612x612.jpg","url":"https:\/\/www.vkolonce.cz\/wp-content\/uploads\/istockphoto-1555181780-612x612.jpg","height":0,"width":0},"wordCount":559,"keywords":null},{"@type":"Article","@id":"https:\/\/www.vkolonce.cz\/selvintech-s-r-o-a-rucni-vyroba\/","headline":"Selvintech s.r.o. a ru\u010dn\u00ed v\u00fdroba","url":"https:\/\/www.vkolonce.cz\/selvintech-s-r-o-a-rucni-vyroba\/","datePublished":"2024-01-19","dateModified":"2024-01-19","mainEntityOfPage":"https:\/\/www.vkolonce.cz\/selvintech-s-r-o-a-rucni-vyroba\/","author":{"@type":"Person","@id":"https:\/\/www.vkolonce.cz\/author\/#Person","name":"","url":"https:\/\/www.vkolonce.cz\/author\/","identifier":1,"image":{"@type":"ImageObject","@id":"https:\/\/secure.gravatar.com\/avatar\/01173f1da90dde8adb887d6793fa4e42c4004e53f8d645d9b1cb57c2dee8e188?s=96&d=mm&r=g","url":"https:\/\/secure.gravatar.com\/avatar\/01173f1da90dde8adb887d6793fa4e42c4004e53f8d645d9b1cb57c2dee8e188?s=96&d=mm&r=g","height":96,"width":96}},"publisher":{"@type":"Organization","name":"vkolonce.cz","logo":{"@type":"ImageObject","@id":"\/logo.png","url":"\/logo.png","width":600,"height":60}},"image":null,"wordCount":180,"keywords":null}]},{"@context":"https:\/\/schema.org","@type":"WebSite","@id":"https:\/\/www.vkolonce.cz\/#website","name":"V kolonce","url":"https:\/\/www.vkolonce.cz","potentialAction":{"@type":"SearchAction","target":"https:\/\/www.vkolonce.cz\/?s={search_term_string}","query-input":"required name=search_term_string"}}]