[{"@context":"https:\/\/schema.org\/","@type":"Article","@id":"https:\/\/www.vkolonce.cz\/kvalitni-spani-bez-prestani\/#Article","mainEntityOfPage":"https:\/\/www.vkolonce.cz\/kvalitni-spani-bez-prestani\/","headline":"Kvalitn\u00ed span\u00ed bez p\u0159est\u00e1n\u00ed","name":"Kvalitn\u00ed span\u00ed bez p\u0159est\u00e1n\u00ed","description":"Bud\u00edte se v noci s t\u00edm, \u017ee V\u00e1m lupe v \u0161\u00edji a bol\u00ed V\u00e1s celkov\u011b z\u00e1da? U\u017e dlouho p\u0159em\u00fd\u0161l\u00edte nad t\u00edm, \u017ee si koup\u00edte postel s kvalitn\u00ed matrac\u00ed, jen\u017ee byste j\u00ed prost\u011b nem\u011bli kam d\u00e1t, proto\u017ee ve va\u0161\u00ed garsonce prost\u011b pot\u0159ebujete ka\u017ed\u00fd centimetr, kter\u00fd se V\u00e1m hod\u00ed? V\u0161ude m\u00e1te nejr\u016fzn\u011bj\u0161\u00ed","datePublished":"2025-04-27","dateModified":"2025-04-27","author":{"@type":"Person","@id":"https:\/\/www.vkolonce.cz\/author\/#Person","name":"","url":"https:\/\/www.vkolonce.cz\/author\/","identifier":1,"image":{"@type":"ImageObject","@id":"https:\/\/secure.gravatar.com\/avatar\/01173f1da90dde8adb887d6793fa4e42c4004e53f8d645d9b1cb57c2dee8e188?s=96&d=mm&r=g","url":"https:\/\/secure.gravatar.com\/avatar\/01173f1da90dde8adb887d6793fa4e42c4004e53f8d645d9b1cb57c2dee8e188?s=96&d=mm&r=g","height":96,"width":96}},"publisher":{"@type":"Organization","name":"vkolonce.cz","logo":{"@type":"ImageObject","@id":"\/logo.png","url":"\/logo.png","width":600,"height":60}},"url":"https:\/\/www.vkolonce.cz\/kvalitni-spani-bez-prestani\/","wordCount":255,"articleBody":" Bud\u00edte se v noci s t\u00edm, \u017ee V\u00e1m lupe v \u0161\u00edji a bol\u00ed V\u00e1s celkov\u011b z\u00e1da? U\u017e dlouho p\u0159em\u00fd\u0161l\u00edte nad t\u00edm, \u017ee si koup\u00edte postel s kvalitn\u00ed matrac\u00ed, jen\u017ee byste j\u00ed prost\u011b nem\u011bli kam d\u00e1t, proto\u017ee ve va\u0161\u00ed garsonce prost\u011b pot\u0159ebujete ka\u017ed\u00fd centimetr, kter\u00fd se V\u00e1m hod\u00ed? V\u0161ude m\u00e1te nejr\u016fzn\u011bj\u0161\u00ed poli\u010dky a sk\u0159\u00edn\u011b, aby opravdu byl vyu\u017eit i ten nejmen\u0161\u00ed kout? V takov\u00e9m p\u0159\u00edpad\u011b by se V\u00e1m tedy velice hodilo n\u011bco rozlo\u017eiteln\u00e9ho, co by na pohled vypadalo hezky a modern\u011b a z\u00e1rove\u0148 zastalo n\u011bkolikero praktick\u00fdch funkc\u00ed. Pod\u00edvejte se na aktu\u00e1ln\u00ed ceny, jsou n\u00edzk\u00e9 Opravdu, v sou\u010dasn\u00e9 dob\u011b takov\u00e1 rozkl\u00e1dac\u00ed pohovka pro ka\u017edodenn\u00ed span\u00ed nen\u00ed v\u016fbec drahou z\u00e1le\u017eitost\u00ed a po\u0159\u00edd\u00edte ji za p\u00e1r u\u0161mudlan\u00fdch tis\u00edc. Jsou dostupn\u00e9 hned v n\u011bkolika mo\u017en\u00fdch variant\u00e1ch, tak\u017ee se V\u00e1m kr\u00e1sn\u011b budou hodit barevn\u011b do prostoru, a\u0165 u\u017e jej m\u00e1te vylad\u011bn jakkoli. Nebo s barevn\u00fdm lad\u011bn\u00edm teprve za\u010d\u00edn\u00e1te a v\u0161e se bude odv\u00edjet od barvy pr\u00e1v\u011b onoho gau\u010de, na kter\u00e9m chcete v noci i sp\u00e1vat. Nav\u00edc v sob\u011b bude ukr\u00fdvat \u00falo\u017en\u00fd prostor, do kter\u00e9ho budete moci ulo\u017eit nepot\u0159ebn\u00e9 v\u011bci nebo t\u0159eba pr\u00e1v\u011b pokr\u00fdvky.                                                                                                                                                                                                                                                                                                                                                                                                 "},{"@context":"https:\/\/schema.org\/","@type":"BreadcrumbList","itemListElement":[{"@type":"ListItem","position":1,"name":"Kvalitn\u00ed span\u00ed bez p\u0159est\u00e1n\u00ed","item":"https:\/\/www.vkolonce.cz\/kvalitni-spani-bez-prestani\/#breadcrumbitem"}]}]