[{"@context":"https:\/\/schema.org\/","@type":"Article","@id":"https:\/\/www.vkolonce.cz\/krasny-zahrada-a-dum\/#Article","mainEntityOfPage":"https:\/\/www.vkolonce.cz\/krasny-zahrada-a-dum\/","headline":"Kr\u00e1sn\u00fd zahrada a d\u016fm","name":"Kr\u00e1sn\u00fd zahrada a d\u016fm","description":"V\u017edycky jsem cht\u011bla bydlet v n\u011bjak\u00e9m kr\u00e1sn\u00e9m dom\u011b, kde je velk\u00e1 zahrada. Nyn\u00ed jsem velk\u00e1 zahradnice a moc r\u00e1da p\u011bstuj\u00ed zeleninu. U m\u00e1my m\u00e1m pak ti ovocn\u00e9 stromy. M\u00e1m tam jablon\u011b a hru\u0161n\u011b. M\u00e1m moc r\u00e1da ovocn\u00e9 knedl\u00edky. Tak\u017ee jsem cht\u011bla m\u00edt velk\u00fd d\u016fm, kdy bude zahrada. Proto\u017ee jsem cel\u00fd","datePublished":"2021-12-24","dateModified":"2023-05-03","author":{"@type":"Person","@id":"https:\/\/www.vkolonce.cz\/author\/#Person","name":"","url":"https:\/\/www.vkolonce.cz\/author\/","identifier":1,"image":{"@type":"ImageObject","@id":"https:\/\/secure.gravatar.com\/avatar\/01173f1da90dde8adb887d6793fa4e42c4004e53f8d645d9b1cb57c2dee8e188?s=96&d=mm&r=g","url":"https:\/\/secure.gravatar.com\/avatar\/01173f1da90dde8adb887d6793fa4e42c4004e53f8d645d9b1cb57c2dee8e188?s=96&d=mm&r=g","height":96,"width":96}},"publisher":{"@type":"Organization","name":"vkolonce.cz","logo":{"@type":"ImageObject","@id":"\/logo.png","url":"\/logo.png","width":600,"height":60}},"image":{"@type":"ImageObject","@id":"https:\/\/www.vkolonce.cz\/wp-content\/uploads\/hypoteka6_10_10_2.png","url":"https:\/\/www.vkolonce.cz\/wp-content\/uploads\/hypoteka6_10_10_2.png","height":0,"width":0},"url":"https:\/\/www.vkolonce.cz\/krasny-zahrada-a-dum\/","about":["Byt a d\u016fm"],"wordCount":456,"articleBody":"V\u017edycky jsem cht\u011bla bydlet v n\u011bjak\u00e9m kr\u00e1sn\u00e9m dom\u011b, kde je velk\u00e1 zahrada. Nyn\u00ed jsem velk\u00e1 zahradnice a moc r\u00e1da p\u011bstuj\u00ed zeleninu. U m\u00e1my m\u00e1m pak ti ovocn\u00e9 stromy. M\u00e1m tam jablon\u011b a hru\u0161n\u011b. M\u00e1m moc r\u00e1da ovocn\u00e9 knedl\u00edky. Tak\u017ee jsem cht\u011bla m\u00edt velk\u00fd d\u016fm, kdy bude zahrada. Proto\u017ee jsem cel\u00fd \u017eivot bydlela v byt\u011b, tak jsem si \u0159ekla, \u017ee tohle bude zm\u011bna, zm\u011bna k lep\u0161\u00edmu. M\u00e1m r\u00e1da zm\u011bny k lep\u0161\u00edmu. Kdy\u017e m\u016f\u017eu m\u00edt n\u011bco lep\u0161\u00edho a zm\u011bnu, tak toho hned vyu\u017eiji. Vyu\u017eiji k tomu k m\u00e9mu prosp\u011bchu. A m\u016fj d\u016fm by m\u011bl b\u00fdt n\u011bjak\u00fd velk\u00fd. M\u00e1me zahradu, ale je to jenom mal\u00e1 a je to na chat\u011b. Chata je sice prima, ale ned\u00e1 se tam bydlet celoro\u010dn\u011b. Na chat\u011b bydl\u00edme v l\u00e9t\u011b, n\u011bkdy taky na ja\u0159e anebo na podzim.\u00a0Na\u00a0chat\u011b jsme v\u017edycky, kdy\u017e je teplo. V zim\u011b mus\u00edme b\u00fdt doma.A byl to mal\u00fd byt, kde jsem p\u0159edt\u00edm \u017eila s rodi\u010di. Kde jsou jenom t\u0159i m\u00edstnosti a jedna kuchy\u0148. Mysl\u00edm, \u017ee je to pro t\u0159\u00ed\u010dlennou rodinu opravdu m\u00e1lo. Proto jsem taky cht\u011bla v budoucnu bydlet v dom\u011b se zahradou. V\u017edy\u0165 na zahrad\u011b mohou b\u011bhat d\u011bti a zv\u00ed\u0159ata. Taky jsem cht\u011bla v\u017edycky psa. A v byt\u011b by asi trp\u011bl. Cht\u011bla jsem tak\u00e9 velk\u00e9ho psa, tak\u017ee pot\u0159ebuji taky zahradu, kde se pes vyb\u011bh\u00e1. A nav\u00edc i pro d\u011bti je praktick\u00e1 zahrada. Mysl\u00edm, \u017ee d\u011bti maj\u00ed r\u00e1di zahradu, kde si m\u016f\u017eou hr\u00e1t a b\u011bhat. Nav\u00edc taky na zahrad\u011b se d\u00e1 taky p\u011bkn\u011b grilovat a odpo\u010d\u00edvat a relaxovat. Nicm\u00e9n\u011b m\u016fj d\u016fm by byl taky velmi p\u011bkn\u00fd a ope\u010dov\u00e1van\u00fd. M\u00e1m r\u00e1da dekorace a podobn\u00e9 v\u011bci. A hlavn\u011b ty v\u00e1no\u010dn\u00ed, tak\u017ee cel\u00fd d\u016fm bych si dala do p\u011bkn\u00e9 dekorace v\u00e1no\u010dn\u00edch ozdob a taky bych mohla m\u00edt kone\u010dn\u011b v\u00edce kv\u011btin. V byt\u011b m\u00edt hodn\u011b kv\u011btin nejde. Hlavn\u011b ne palmy. A proto bych si do sv\u00e9ho velk\u00e9ho domu dala alespo\u0148 t\u0159i velk\u00e9 palmy. M\u00e1m moc r\u00e1da cykasy anebo ban\u00e1novn\u00edky a ty v byt\u011b b\u00fdt nem\u016f\u017eou. Tak\u017ee budu r\u00e1da za velk\u00fd prostor a velkou zahradu a velk\u00fd d\u016fm. Bude to m\u016fj spln\u011bn\u00fd sen.\u00a0                                                                                                                                                                                                                                                                                                                                                                                        4.6\/5 - (8 votes)        "},{"@context":"https:\/\/schema.org\/","@type":"BreadcrumbList","itemListElement":[{"@type":"ListItem","position":1,"name":"Kr\u00e1sn\u00fd zahrada a d\u016fm","item":"https:\/\/www.vkolonce.cz\/krasny-zahrada-a-dum\/#breadcrumbitem"}]}]