[{"@context":"https:\/\/schema.org\/","@type":"Article","@id":"https:\/\/www.vkolonce.cz\/kdy-vybirat-dovolenou\/#Article","mainEntityOfPage":"https:\/\/www.vkolonce.cz\/kdy-vybirat-dovolenou\/","headline":"Kdy vyb\u00edrat dovolenou","name":"Kdy vyb\u00edrat dovolenou","description":"Dohadujete se \u010dasto doma, kdy je ten spr\u00e1vn\u00fd \u010das na v\u00fdb\u011br dovolen\u00e9? Kdy vybrat letn\u00ed a kdy zimn\u00ed? A zda jet na vlastn\u00ed triko nebo p\u0159es cestovku?\u00a0Kdo by nem\u011bl r\u00e1d dovolenou. A\u0165 u\u017e se jedn\u00e1 o letn\u00ed nebo zimn\u00ed. Ale kdy je ten spr\u00e1vn\u00fd \u010das si za\u010d\u00edt vyb\u00edrat kde str\u00e1v\u00edte","datePublished":"2021-09-12","dateModified":"2023-05-03","author":{"@type":"Person","@id":"https:\/\/www.vkolonce.cz\/author\/#Person","name":"","url":"https:\/\/www.vkolonce.cz\/author\/","identifier":1,"image":{"@type":"ImageObject","@id":"https:\/\/secure.gravatar.com\/avatar\/01173f1da90dde8adb887d6793fa4e42c4004e53f8d645d9b1cb57c2dee8e188?s=96&d=mm&r=g","url":"https:\/\/secure.gravatar.com\/avatar\/01173f1da90dde8adb887d6793fa4e42c4004e53f8d645d9b1cb57c2dee8e188?s=96&d=mm&r=g","height":96,"width":96}},"publisher":{"@type":"Organization","name":"vkolonce.cz","logo":{"@type":"ImageObject","@id":"\/logo.png","url":"\/logo.png","width":600,"height":60}},"image":{"@type":"ImageObject","@id":"https:\/\/www.vkolonce.cz\/wp-content\/uploads\/camera-g805241241_1920.jpg","url":"https:\/\/www.vkolonce.cz\/wp-content\/uploads\/camera-g805241241_1920.jpg","height":0,"width":0},"url":"https:\/\/www.vkolonce.cz\/kdy-vybirat-dovolenou\/","about":["Dovolen\u00e1"],"wordCount":434,"articleBody":"Dohadujete se \u010dasto doma, kdy je ten spr\u00e1vn\u00fd \u010das na v\u00fdb\u011br dovolen\u00e9? Kdy vybrat letn\u00ed a kdy zimn\u00ed? A zda jet na vlastn\u00ed triko nebo p\u0159es cestovku?\u00a0Kdo by nem\u011bl r\u00e1d dovolenou. A\u0165 u\u017e se jedn\u00e1 o letn\u00ed nebo zimn\u00ed. Ale kdy je ten spr\u00e1vn\u00fd \u010das si za\u010d\u00edt vyb\u00edrat kde str\u00e1v\u00edte chv\u00edle odpo\u010dinku? A dal\u0161\u00ed pokl\u00e1dan\u00fd dotaz je, zda vyu\u017e\u00edt cestovky anebo si to v\u0161e za\u0159\u00edd\u00edte sami.\u00a0Nen\u00ed d\u00e1no p\u0159esn\u011b jak\u00e1 je ide\u00e1ln\u00ed doba rezervace Va\u0161\u00ed dovolen\u00e9. Ono to ovliv\u0148uje spousty r\u016fzn\u00fdch v\u011bc\u00ed. Za prv\u00e9 je d\u016fle\u017eit\u00e9 v\u011bd\u011bt, kdy m\u00e1te dovolenou. D\u00e1le zda si chcete z\u00e1jezd koupit s velk\u00fdm p\u0159edstihem, abyste byli klidn\u00ed anebo m\u00e1te r\u00e1di trochu vzru\u0161en\u00ed a dovolenou si koup\u00edte a\u017e na posledn\u00ed chv\u00edli.V\u00fdhody a nev\u00fdhody n\u00e1kupu dovolen\u00e9 s p\u0159edstihem a na posledn\u00ed chv\u00edliPokud bychom jsme se m\u011bli zam\u011b\u0159it na n\u00e1kup s p\u0159edstihem tak jeho jednozna\u010dnou v\u00fdhodou je, \u017ee u\u017e v lednu m\u00e1te vy\u0159e\u0161enou dovolenou a jen se do l\u00e9ta t\u011b\u0161\u00edte a\u017e na n\u00ed odjedete. Nev\u00fdhodou je, \u017ee cena v t\u00e9 dob\u011b m\u016f\u017ee b\u00fdt vy\u0161\u0161\u00ed. Pokud jste st\u0159elci a r\u00e1di kupujete dovolenou na posledn\u00ed chv\u00edli m\u00e1te v\u00fdhodou v tom, \u017ee cena je v\u00fdznamn\u011b ni\u017e\u0161\u00ed, N\u011bkdy se m\u016f\u017ee pohybovat se slevou a\u017e 60 % a to je velmi p\u011bkn\u00e1 sleva. Nev\u00fdhoda tak to koupen\u00fdch dovolen\u00fdch je, \u017ee se m\u016f\u017ee st\u00e1t, \u017ee hotel nebo m\u00edsto nebude p\u0159esn\u011b podle va\u0161ich p\u0159edstav.\u00a0U zimn\u00edch dovolen\u00fdch je to to sam\u00e9. Proto je dobr\u00e9 zv\u00e1\u017eit co je pro V\u00e1s priorita \u2013 zda cena anebo m\u00edsto kde budete.\u00a0Cestovka anebo na vlastn\u00ed p\u011bst?Op\u011bt zde je pot\u0159eba si \u0159\u00edci co je pro V\u00e1s d\u016fle\u017eit\u00e9. Zda m\u00e1te r\u00e1di, kdy\u017e V\u00e1m n\u011bkdo v\u0161e za\u0159\u00edd\u00ed anebo si dok\u00e1\u017eete v\u0161e napl\u00e1novat a za\u0159\u00eddit sami. Cestovn\u00ed kancel\u00e1\u0159 hlavn\u011b vyu\u017e\u00edvaj\u00ed osoby vy\u0161\u0161\u00edho v\u011bku nebo ti, kte\u0159\u00ed neum\u00ed ciz\u00ed jazyk. Ka\u017ed\u00fd druh cestov\u00e1n\u00ed m\u00e1 sv\u00e9 pro i proti.\u00a0A\u0165 u\u017e si vyberete jakoukoliv dovolenou m\u011bli jste si ji hlavn\u011b u\u017e\u00edt. P\u0159ece se na n\u00ed cel\u00fd rok t\u011b\u0161\u00edte a chcete na n\u00ed vzpom\u00ednat ze skv\u011bl\u00fdmi z\u00e1\u017eitky.                                                                                                                                                                                                                                                                                                                                                                                        4.4\/5 - (7 votes)        "},{"@context":"https:\/\/schema.org\/","@type":"BreadcrumbList","itemListElement":[{"@type":"ListItem","position":1,"name":"Kdy vyb\u00edrat dovolenou","item":"https:\/\/www.vkolonce.cz\/kdy-vybirat-dovolenou\/#breadcrumbitem"}]}]