[{"@context":"https:\/\/schema.org\/","@type":"Article","@id":"https:\/\/www.vkolonce.cz\/garderoba-pro-vase-okna\/#Article","mainEntityOfPage":"https:\/\/www.vkolonce.cz\/garderoba-pro-vase-okna\/","headline":"Garderoba pro va\u0161e okna","name":"Garderoba pro va\u0161e okna","description":"Uva\u017eovali jste n\u011bkdy o oknech sv\u00e9ho domu nebo bytu jako o designov\u00e9m prvku? Se spr\u00e1vn\u011b zvolen\u00fdmi z\u00e1v\u011bsy se z\u00a0okna opravdu st\u00e1v\u00e1 d\u016fle\u017eit\u00fd a dominantn\u00ed designov\u00fd prvek m\u00edstnosti. Z\u00e1v\u011bs zab\u00edr\u00e1 nezanedbatelnou pohledovou plochu. A spolurozhoduje tak o celkov\u00e9m vyzn\u011bn\u00ed dojmu z\u00a0bydlen\u00ed. Barevnost, struktura, materi\u00e1l Dnes se na trhu objevuje nespo\u010det kr\u00e1sn\u00fdch","datePublished":"2019-09-06","dateModified":"2023-05-03","author":{"@type":"Person","@id":"https:\/\/www.vkolonce.cz\/author\/#Person","name":"","url":"https:\/\/www.vkolonce.cz\/author\/","identifier":1,"image":{"@type":"ImageObject","@id":"https:\/\/secure.gravatar.com\/avatar\/01173f1da90dde8adb887d6793fa4e42c4004e53f8d645d9b1cb57c2dee8e188?s=96&d=mm&r=g","url":"https:\/\/secure.gravatar.com\/avatar\/01173f1da90dde8adb887d6793fa4e42c4004e53f8d645d9b1cb57c2dee8e188?s=96&d=mm&r=g","height":96,"width":96}},"publisher":{"@type":"Organization","name":"vkolonce.cz","logo":{"@type":"ImageObject","@id":"\/logo.png","url":"\/logo.png","width":600,"height":60}},"image":{"@type":"ImageObject","@id":"https:\/\/www.vkolonce.cz\/wp-content\/uploads\/img_a354870_w3799_t1569341658.jpg","url":"https:\/\/www.vkolonce.cz\/wp-content\/uploads\/img_a354870_w3799_t1569341658.jpg","height":0,"width":0},"url":"https:\/\/www.vkolonce.cz\/garderoba-pro-vase-okna\/","about":["Byt a d\u016fm"],"wordCount":401,"articleBody":"Uva\u017eovali jste n\u011bkdy o oknech sv\u00e9ho domu nebo bytu jako o designov\u00e9m prvku? Se spr\u00e1vn\u011b zvolen\u00fdmi z\u00e1v\u011bsy se z\u00a0okna opravdu st\u00e1v\u00e1 d\u016fle\u017eit\u00fd a dominantn\u00ed designov\u00fd prvek m\u00edstnosti. Z\u00e1v\u011bs zab\u00edr\u00e1 nezanedbatelnou pohledovou plochu. A spolurozhoduje tak o celkov\u00e9m vyzn\u011bn\u00ed dojmu z\u00a0bydlen\u00ed.Barevnost, struktura, materi\u00e1lDnes se na trhu objevuje nespo\u010det kr\u00e1sn\u00fdch hotov\u00fdch z\u00e1v\u011bs\u016f nebo l\u00e1tek ur\u010den\u00fdch ke kone\u010dn\u00e9 \u00faprav\u011b. Z\u00e1le\u017e\u00ed pouze na va\u0161ich po\u017eadavc\u00edch a preferenc\u00edch. A tak\u00e9 samoz\u0159ejm\u011b na va\u0161em smyslu pro estetiku a kr\u00e1su.Jste romantick\u00e1 du\u0161e, kter\u00e1 tou\u017e\u00ed po l\u00e1sce jako z\u00a0rom\u00e1nu, r\u00e1no si nech\u00e1v\u00e1 \u010dechrat vlasy na balk\u00f3n\u011b s\u00a0mu\u0161k\u00e1ty a ve\u010der zasn\u011bn\u011b sleduje u \u0161\u00e1lku \u010daje z\u00e1pad slunce? Potom volte jemn\u00e9 hedv\u00e1bn\u00e9 l\u00e1tky v\u00a0neutr\u00e1ln\u00edch odst\u00ednech b\u00e9\u017eov\u00e9 a \u0161ed\u00e9. S\u00a0potiskem jemn\u00fdch kv\u00edtk\u016f nem\u016f\u017eete \u0161l\u00e1pnout vedle.Pot\u0159ebujete naopak m\u00edstnost zatemnit kv\u016fli prudk\u00e9mu odpoledn\u00edmu slunci, kter\u00e9 v\u00e1s ru\u0161\u00ed p\u0159i pr\u00e1ci na d\u016fle\u017eit\u00e9m projektu? Zvolte pevn\u00fd materi\u00e1l v\u00a0takzvan\u00e9 blackout kvalit\u011b. Toto \u0159e\u0161en\u00ed v\u00e1m zajist\u00ed naprost\u00e9 soukrom\u00ed a ochranu p\u0159ed slune\u010dn\u00edmi paprsky i v\u00a0prav\u00e9 poledne. \u00a0Dekorace pro kr\u00e1sn\u011bj\u0161\u00ed domovDekorace se staly obl\u00edbenou sou\u010d\u00e1st\u00ed bytov\u00e9ho designu. Jejich vyu\u017eit\u00ed nalezneme tak\u00e9 u z\u00e1v\u011bsov\u00fdch dopl\u0148k\u016f. V\u00fdrazn\u00fdm prvkem jsou \u00favazy. Mohou b\u00fdt vyvedeny v\u00a0r\u016fzn\u00fdch materi\u00e1lech. Textiln\u00ed i kovov\u00e9 \u00favazy citliv\u011b dopln\u00ed celkov\u00fd dojem. Pln\u00ed tak\u00e9 praktickou funkci a spolehliv\u011b zajist\u00ed z\u00e1v\u011bs tak, aby ladn\u011b lemoval okenn\u00ed prostory.V\u00a0obchodech s\u00a0bytov\u00fdm designem dnes b\u011b\u017en\u011b najdete \u0161irokou nab\u00eddku dekora\u010dn\u00edch spon na z\u00e1v\u011bsy. Sta\u010d\u00ed si jen vybrat tak, aby dopl\u0148ky ladily s\u00a0ostatn\u00edm za\u0159\u00edzen\u00edm a vybaven\u00edm bytu.Dal\u0161\u00ed vyu\u017eit\u00ed z\u00e1v\u011bs\u016fNemus\u00edte se omezovat pouze na okna. Z\u00e1v\u011bsy vyu\u017eijete tak\u00e9 v\u00a0p\u0159\u00edpad\u011b r\u016fzn\u00fdch v\u00fdklenk\u016f a z\u00e1kout\u00ed. Prostory opticky odd\u011bl\u00edte a bytov\u00e9 prostory tematicky sjednot\u00edte. D\u00edky z\u00e1v\u011bs\u016fm se z\u00a0va\u0161eho domova stane \u00fatuln\u00e9 m\u00edsto. \u00a0                                                                                                                                                                                                                                                                                                                                                                                        4.4\/5 - (8 votes)        "},{"@context":"https:\/\/schema.org\/","@type":"BreadcrumbList","itemListElement":[{"@type":"ListItem","position":1,"name":"Garderoba pro va\u0161e okna","item":"https:\/\/www.vkolonce.cz\/garderoba-pro-vase-okna\/#breadcrumbitem"}]}]