[{"@context":"https:\/\/schema.org\/","@type":"Article","@id":"https:\/\/www.vkolonce.cz\/emise-aut\/#Article","mainEntityOfPage":"https:\/\/www.vkolonce.cz\/emise-aut\/","headline":"Emise aut","name":"Emise aut","description":"V politice to v\u0159e okolo jednoho hlavn\u00edho t\u00e9matu u\u017e po docela dlouhou dobu. \u0158ekn\u011bme \u017ee u\u017e od doby, kdy vn\u00edm\u00e1me klimatickou zm\u011bnu jako ne\u00fastupn\u00fd probl\u00e9m budoucnosti.\u00a0 Ano, je \u0159e\u010d ohledn\u011b emis\u00ed. Emise jsou uhl\u00edkov\u00e9 stopy, nejv\u00edce\u00a0CO2\u00a0a dal\u0161\u00ed l\u00e1tky, vypou\u0161t\u011bn\u00e9 voln\u011b do ovzdu\u0161\u00ed. Tyto l\u00e1tky d\u00e1le ovliv\u0148uj\u00ed vstup ultrafialov\u00e9mu z\u00e1\u0159en\u00ed, kter\u00e9","datePublished":"2021-09-12","dateModified":"2023-05-03","author":{"@type":"Person","@id":"https:\/\/www.vkolonce.cz\/author\/#Person","name":"","url":"https:\/\/www.vkolonce.cz\/author\/","identifier":1,"image":{"@type":"ImageObject","@id":"https:\/\/secure.gravatar.com\/avatar\/01173f1da90dde8adb887d6793fa4e42c4004e53f8d645d9b1cb57c2dee8e188?s=96&d=mm&r=g","url":"https:\/\/secure.gravatar.com\/avatar\/01173f1da90dde8adb887d6793fa4e42c4004e53f8d645d9b1cb57c2dee8e188?s=96&d=mm&r=g","height":96,"width":96}},"publisher":{"@type":"Organization","name":"vkolonce.cz","logo":{"@type":"ImageObject","@id":"\/logo.png","url":"\/logo.png","width":600,"height":60}},"image":{"@type":"ImageObject","@id":"https:\/\/www.vkolonce.cz\/wp-content\/uploads\/zne%C4%8Di%C5%A1%C5%A5uj%C3%ADc%C3%AD%20tov%C3%A1rna.jpg","url":"https:\/\/www.vkolonce.cz\/wp-content\/uploads\/zne%C4%8Di%C5%A1%C5%A5uj%C3%ADc%C3%AD%20tov%C3%A1rna.jpg","height":0,"width":0},"url":"https:\/\/www.vkolonce.cz\/emise-aut\/","about":["Auto"],"wordCount":395,"articleBody":"V politice to v\u0159e okolo jednoho hlavn\u00edho t\u00e9matu u\u017e po docela dlouhou dobu. \u0158ekn\u011bme \u017ee u\u017e od doby, kdy vn\u00edm\u00e1me klimatickou zm\u011bnu jako ne\u00fastupn\u00fd probl\u00e9m budoucnosti.\u00a0 Ano, je \u0159e\u010d ohledn\u011b emis\u00ed. Emise jsou uhl\u00edkov\u00e9 stopy, nejv\u00edce\u00a0CO2\u00a0a dal\u0161\u00ed l\u00e1tky, vypou\u0161t\u011bn\u00e9 voln\u011b do ovzdu\u0161\u00ed. Tyto l\u00e1tky d\u00e1le ovliv\u0148uj\u00ed vstup ultrafialov\u00e9mu z\u00e1\u0159en\u00ed, kter\u00e9 je pro n\u00e1s nebezpe\u010dn\u00e9 a ve velk\u00e9m mno\u017estv\u00ed m\u016f\u017ee zp\u016fsobit rakovinu. Nejv\u011bt\u0161\u00edmi producenti jsou automobily, tov\u00e1rny, kter\u00e9 pot\u0159ebuj\u00ed k jejich pr\u00e1ci ohe\u0148 a elektr\u00e1rny na uhl\u00ed. Mno\u017estv\u00ed produkovan\u00fdch emis\u00ed je enormn\u011b nadpr\u016fm\u011brn\u011b vysok\u00e9, a tak se to stal celosv\u011btov\u00fd probl\u00e9m.Hlavn\u00edm hledaj\u00edc\u00edm \u0159e\u0161en\u00ed tohoto fenom\u00e9nu\u00a0je Evropsk\u00e1 unie. Ta, nejv\u011bt\u0161\u00ed probl\u00e9m vid\u00ed v automobilech a zde prov\u00e1d\u00ed nejv\u011bt\u0161\u00ed opat\u0159en\u00ed. V\u0161\u00edm\u00e1 si omezen\u00ed\u00a0bezpochyby masa lid\u00ed a podle toho si ur\u010duj\u00ed jak\u00e9 auto si po\u0159\u00edd\u00ed. Nejzaj\u00edmav\u011bj\u0161\u00ed nab\u00eddkou se st\u00e1vaj\u00ed elektromobily. Nutn\u00e9 dodat, ne ka\u017ed\u00fd automobil tvo\u0159\u00ed emise pro sv\u016fj pohon a jsou jimi elektromobily a auta na vod\u00edk. Vod\u00edkov\u00e1 auta maj\u00ed neskute\u010dn\u00e9 mno\u017estv\u00ed neduh jako dvakr\u00e1t tak drah\u00e9 palivo ne\u017e-li fosiln\u00ed paliva a dvojn\u00e1sobn\u011b v\u011bt\u0161\u00ed pot\u0159ebn\u00e1 n\u00e1dr\u017e. Nemluv\u011b o tom, \u017ee v\u00a0\u010cesk\u00e9 republice se nach\u00e1z\u00ed minimum prodejc\u016f s vod\u00edkem. V tu chv\u00edli nen\u00ed z\u00e1jem pro vod\u00edkov\u00e9 auto snad od nikoho.\u00a0U elektromobil\u016f tomu tak\u00a0nen\u00ed. V \u010dem jsou tedy lep\u0161\u00ed ne\u017e-li spalovac\u00ed auta? Elektromobily se st\u00e1vaj\u00ed, \u010d\u00edm d\u00e1l dostupn\u011bj\u0161\u00edmi auty s \u010d\u00edm d\u00e1l dostupn\u011bj\u0161\u00edmi nab\u00edjec\u00edmi\u00a0stanicemi. Pro pohon pou\u017e\u00edvaj\u00ed pouze elektrick\u00fd proud, tud\u00ed\u017e netvo\u0159\u00ed uhl\u00edkovou stopu. Je tomu tak jen pro pohon, p\u0159i tvorb\u011b auta jsou t\u00e9\u017e tvo\u0159eny emise, av\u0161ak po p\u00e1r stovk\u00e1ch\u00a0odjet\u00fdch kilometr\u016f jedete naprosto &#8222;zelen\u011b&#8220;. Nov\u00e1 spalovac\u00ed auta na druhou stranu maj\u00ed sm\u016flu, proto\u017ee je pro jejich provoz pot\u0159eba sn\u00ed\u017een\u00fd v\u00fdkon a p\u0159edra\u017een\u00e9 katalyz\u00e1tory, aby mohly b\u00fdt k prodeji. Je tedy na \u010dlov\u011bku, zda si i p\u0159esto p\u0159iplat\u00ed a koup\u00ed elektromobil nebo setrv\u00e1 u spalovac\u00edch motor\u016f.                                                                                                                                                                                                                                                                                                                                                                                        5\/5 - (4 votes)        "},{"@context":"https:\/\/schema.org\/","@type":"BreadcrumbList","itemListElement":[{"@type":"ListItem","position":1,"name":"Emise aut","item":"https:\/\/www.vkolonce.cz\/emise-aut\/#breadcrumbitem"}]}]